{"id":58,"date":"2013-09-20T14:51:01","date_gmt":"2013-09-20T12:51:01","guid":{"rendered":""},"modified":"2016-06-07T15:59:13","modified_gmt":"2016-06-07T13:59:13","slug":"accueil-des-etudiants-de-licence","status":"publish","type":"post","link":"https:\/\/www.info.univ-tours.fr\/diblois\/accueil-des-etudiants-de-licence\/","title":{"rendered":"Accueil des \u00e9tudiants de Licence"},"content":{"rendered":"<p><em>Le d\u00e9partement Informatique de Blois (UFR Sciences) a pu accueillir dans un cadre chaleureux et studieux les nouvelles promotions de Licence en Sciences et Technologie lors de la journ\u00e9e de pr\u00e9-rentr\u00e9e qui s\u2019est d\u00e9roul\u00e9e le lundi 02 Septembre 2013.<\/em><\/p>\n<p><em>Cette journ\u00e9e s\u2019est d\u00e9roul\u00e9e en deux temps&nbsp;: un pot d\u2019accueil a \u00e9t\u00e9 organis\u00e9 au sein de notre campus en vue d\u2019accueillir les nouveaux \u00e9tudiants et un mot de bienvenue a \u00e9t\u00e9 prononc\u00e9 par notre directeur du D\u00e9partement \u2013Thomas Devogele \u2013 en pr\u00e9sence des enseignants et des directeurs d\u2019\u00e9tudes. <\/em><\/p>\n<p><em>Puis c\u2019est dans l\u2019amphith\u00e9\u00e2tre de la Biblioth\u00e8que Universitaire que s\u2019est poursuivie la r\u00e9union d\u2019information g\u00e9n\u00e9rale&nbsp;anim\u00e9e par le responsable de Licence Jean-Yves Antoine.<\/em><\/p>\n<p><em>Ainsi le programme de l\u2019ann\u00e9e universitaire a \u00e9t\u00e9 abord\u00e9 sous diff\u00e9rents aspects&nbsp;: offres de formations, sp\u00e9cialisations selon les cursus de chacun mais \u00e9galement tous les services mis \u00e0 disposition \u00e0 nos \u00e9tudiants tels que le centre de Ressources en langues, des salles de TP en libre-service (acc\u00e8s wifi), la biblioth\u00e8que universitaire, le SUAPS (Service Universitaire des Activit\u00e9s Physiques et Sportives).<\/em><\/p>\n<p><em>Etaient \u00e9galement pr\u00e9sents, nos partenaires du CROUS (Laurence GUILBAUT), de la Halle aux Grains pour l\u2019atelier th\u00e9\u00e2tre (Aur\u00e9lie MALTER) et la BU (Anne Slomovici).<\/em><\/p>\n<p><em>Enfin une pr\u00e9sentation de l\u2019association \u00e9tudiante ABEI (Association Bl\u00e9soise des Etudiants en Informatique) par sa Pr\u00e9sidente Saphira ONGOTTO. <\/em><\/p>\n<p><em>Pour cette nouvelle rentr\u00e9e universitaire, la progression se poursuit avec une augmentation constante des effectifs&nbsp;:<\/em><\/p>\n<ul>\n<li><em>47 \u00e9tudiants en Licence 1 (partag\u00e9s entre un parcours commun destin\u00e9 aux Bacheliers S et un parcours Aide \u00e0 la r\u00e9ussite pour les autres).<\/em><\/li>\n<li><em>26 \u00e9tudiants en Licence 2, originaires de notre L1 de Blois comme de Tours.<\/em><\/li>\n<li><em>39 \u00e9tudiants en Licence 3 dont une \u00e9tudiante allemande en provenance de l\u2019Universit\u00e9 H.A.W de Hambourg dans le cadre de la licence europ\u00e9enne d\u2019excellence E.C.S (European Computer Science).<\/em><\/li>\n<\/ul>\n","protected":false},"excerpt":{"rendered":"<p>Le d\u00e9partement Informatique de Blois (UFR Sciences) a pu accueillir dans un cadre chaleureux et studieux les nouvelles promotions de Licence en Sciences et Technologie lors de la journ\u00e9e de pr\u00e9-rentr\u00e9e qui s\u2019est d\u00e9roul\u00e9e le lundi 02 Septembre 2013. Cette journ\u00e9e s\u2019est d\u00e9roul\u00e9e en deux temps&nbsp;: un pot d\u2019accueil a \u00e9t\u00e9 organis\u00e9 au sein de notre campus en vue d\u2019accueillir les nouveaux \u00e9tudiants et un mot de bienvenue a \u00e9t\u00e9 prononc\u00e9 par notre directeur du D\u00e9partement \u2013Thomas Devogele \u2013 en&#8230;<\/p>\n<p class=\"read-more\"><a class=\"btn btn-default\" href=\"https:\/\/www.info.univ-tours.fr\/diblois\/accueil-des-etudiants-de-licence\/\"> Read More<span class=\"screen-reader-text\">  Read More<\/span><\/a><\/p>\n","protected":false},"author":1,"featured_media":0,"comment_status":"closed","ping_status":"open","sticky":false,"template":"","format":"standard","meta":{"footnotes":""},"categories":[28,20,25],"tags":[],"class_list":["post-58","post","type-post","status-publish","format-standard","hentry","category-28","category-diblois","category-rentree"],"_links":{"self":[{"href":"https:\/\/www.info.univ-tours.fr\/diblois\/wp-json\/wp\/v2\/posts\/58","targetHints":{"allow":["GET"]}}],"collection":[{"href":"https:\/\/www.info.univ-tours.fr\/diblois\/wp-json\/wp\/v2\/posts"}],"about":[{"href":"https:\/\/www.info.univ-tours.fr\/diblois\/wp-json\/wp\/v2\/types\/post"}],"author":[{"embeddable":true,"href":"https:\/\/www.info.univ-tours.fr\/diblois\/wp-json\/wp\/v2\/users\/1"}],"replies":[{"embeddable":true,"href":"https:\/\/www.info.univ-tours.fr\/diblois\/wp-json\/wp\/v2\/comments?post=58"}],"version-history":[{"count":0,"href":"https:\/\/www.info.univ-tours.fr\/diblois\/wp-json\/wp\/v2\/posts\/58\/revisions"}],"wp:attachment":[{"href":"https:\/\/www.info.univ-tours.fr\/diblois\/wp-json\/wp\/v2\/media?parent=58"}],"wp:term":[{"taxonomy":"category","embeddable":true,"href":"https:\/\/www.info.univ-tours.fr\/diblois\/wp-json\/wp\/v2\/categories?post=58"},{"taxonomy":"post_tag","embeddable":true,"href":"https:\/\/www.info.univ-tours.fr\/diblois\/wp-json\/wp\/v2\/tags?post=58"}],"curies":[{"name":"wp","href":"https:\/\/api.w.org\/{rel}","templated":true}]}}