{"id":428,"date":"2013-12-10T16:58:20","date_gmt":"2013-12-10T15:58:20","guid":{"rendered":"http:\/\/www.info.univ-tours.fr\/diblois\/?p=428"},"modified":"2016-06-07T15:59:06","modified_gmt":"2016-06-07T13:59:06","slug":"nuit-de-linformatique","status":"publish","type":"post","link":"https:\/\/www.info.univ-tours.fr\/diblois\/nuit-de-linformatique\/","title":{"rendered":"Nuit de l&rsquo;Informatique"},"content":{"rendered":"<p>Bravo aux courageux \u00e9tudiants du D\u00e9partement Informatique (\u00e9tudiants de licence pour la majorit\u00e9) qui ont particip\u00e9 \u00e0 l&rsquo;\u00e9dition 2013 de la <a href=\"http:\/\/www.nuitdelinfo.com\/\" target=\"_blank\">Nuit de l&rsquo;Informatique<\/a>, du jeudi 05 au vendredi 06 d\u00e9cembre 2013 !<\/p>\n<p>Un concours national de programmation qui a r\u00e9uni des dizaines d&rsquo;\u00e9quipes issues d&rsquo;\u00e9coles d&rsquo;ing\u00e9nieur ou d&rsquo;universit\u00e9.<\/p>\n<p>De 16:30 \u00e0 8:00 du matin le lendemain, les \u00e9tudiants ont ainsi planch\u00e9 en toute autonomie sur plusieurs d\u00e9fis soumis par des entreprises par petits sous-groupes projets.<\/p>\n<p><a id=\"lnk_img_20131205_diblois_nuitdelinfo_0001.jpg\" href=\"\/diblois\/files\/diblois_www_20131205_nuitdelinfo_0001.jpg\" target=\"_blank\"><img decoding=\"async\" style=\"height: 180px; width: 180px;\" src=\"\/diblois\/files\/large_20131205_diblois_nuitdelinfo_0001.jpg\" alt=\"large_20131205_diblois_nuitdelinfo_0001.jpg\" \/> <\/a> <a id=\"lnk_img_20131205_diblois_nuitdelinfo_0002.jpg\" href=\"\/diblois\/files\/diblois_www_20131205_nuitdelinfo_0002.jpg\" target=\"_blank\"> <img decoding=\"async\" style=\"height: 180px; width: 180px;\" src=\"\/diblois\/files\/large_20131205_diblois_nuitdelinfo_0002.jpg\" alt=\"large_20131205_diblois_nuitdelinfo_0002.jpg\" \/> <\/a> <a id=\"lnk_img_20131205_diblois_nuitdelinfo_0003.jpg\" href=\"\/diblois\/files\/diblois_www_20131205_nuitdelinfo_0003.jpg\" target=\"_blank\"> <img decoding=\"async\" style=\"height: 180px; width: 180px;\" src=\"\/diblois\/files\/large_20131205_diblois_nuitdelinfo_0003.jpg\" alt=\"large_20131205_diblois_nuitdelinfo_0003.jpg\" \/> <\/a> <a id=\"lnk_img_20131205_diblois_nuitdelinfo_0004.jpg\" href=\"\/diblois\/files\/diblois_www_20131205_nuitdelinfo_0004.jpg\" target=\"_blank\"> <img decoding=\"async\" style=\"height: 180px; width: 180px;\" src=\"\/diblois\/files\/large_20131205_diblois_nuitdelinfo_0004.jpg\" alt=\"large_20131205_diblois_nuitdelinfo_0004.jpg\" \/> <\/a><\/p>\n<p>Malgr\u00e9 quelques petits probl\u00e8mes techniques qui ont emp\u00each\u00e9 la soumission finale du projet, l&rsquo;exp\u00e9rience a \u00e9t\u00e9 enrichissante et sera, sans doute, renouvel\u00e9e l&rsquo;an prochain dans de meilleurs conditions. A part cela, les pizzas \u00e9taient excellentes.<\/p>\n","protected":false},"excerpt":{"rendered":"<p>Bravo aux courageux \u00e9tudiants du D\u00e9partement Informatique (\u00e9tudiants de licence pour la majorit\u00e9) qui ont particip\u00e9 \u00e0 l&rsquo;\u00e9dition 2013 de la Nuit de l&rsquo;Informatique, du jeudi 05 au vendredi 06 d\u00e9cembre 2013 ! Un concours national de programmation qui a r\u00e9uni des dizaines d&rsquo;\u00e9quipes issues d&rsquo;\u00e9coles d&rsquo;ing\u00e9nieur ou d&rsquo;universit\u00e9. De 16:30 \u00e0 8:00 du matin le lendemain, les \u00e9tudiants ont ainsi planch\u00e9 en toute autonomie sur plusieurs d\u00e9fis soumis par des entreprises par petits sous-groupes projets. Malgr\u00e9 quelques petits probl\u00e8mes&#8230;<\/p>\n<p class=\"read-more\"><a class=\"btn btn-default\" href=\"https:\/\/www.info.univ-tours.fr\/diblois\/nuit-de-linformatique\/\"> Read More<span class=\"screen-reader-text\">  Read More<\/span><\/a><\/p>\n","protected":false},"author":1,"featured_media":0,"comment_status":"closed","ping_status":"open","sticky":false,"template":"","format":"standard","meta":{"footnotes":""},"categories":[28,20,26,29],"tags":[],"class_list":["post-428","post","type-post","status-publish","format-standard","hentry","category-28","category-diblois","category-nuit-info","category-vie-etudiante"],"_links":{"self":[{"href":"https:\/\/www.info.univ-tours.fr\/diblois\/wp-json\/wp\/v2\/posts\/428","targetHints":{"allow":["GET"]}}],"collection":[{"href":"https:\/\/www.info.univ-tours.fr\/diblois\/wp-json\/wp\/v2\/posts"}],"about":[{"href":"https:\/\/www.info.univ-tours.fr\/diblois\/wp-json\/wp\/v2\/types\/post"}],"author":[{"embeddable":true,"href":"https:\/\/www.info.univ-tours.fr\/diblois\/wp-json\/wp\/v2\/users\/1"}],"replies":[{"embeddable":true,"href":"https:\/\/www.info.univ-tours.fr\/diblois\/wp-json\/wp\/v2\/comments?post=428"}],"version-history":[{"count":0,"href":"https:\/\/www.info.univ-tours.fr\/diblois\/wp-json\/wp\/v2\/posts\/428\/revisions"}],"wp:attachment":[{"href":"https:\/\/www.info.univ-tours.fr\/diblois\/wp-json\/wp\/v2\/media?parent=428"}],"wp:term":[{"taxonomy":"category","embeddable":true,"href":"https:\/\/www.info.univ-tours.fr\/diblois\/wp-json\/wp\/v2\/categories?post=428"},{"taxonomy":"post_tag","embeddable":true,"href":"https:\/\/www.info.univ-tours.fr\/diblois\/wp-json\/wp\/v2\/tags?post=428"}],"curies":[{"name":"wp","href":"https:\/\/api.w.org\/{rel}","templated":true}]}}